{"id":639,"date":"2025-04-08T11:40:52","date_gmt":"2025-04-08T11:40:52","guid":{"rendered":"https:\/\/www.tagoya.com\/blog\/?p=639"},"modified":"2025-04-08T11:40:53","modified_gmt":"2025-04-08T11:40:53","slug":"karate-deporte-olimpico","status":"publish","type":"post","link":"https:\/\/www.tagoya.com\/blog\/karate-deporte-olimpico\/","title":{"rendered":"Curiosidades sobre el k\u00e1rate: \u00bfPor qu\u00e9 ya no es ol\u00edmpico?"},"content":{"rendered":"\n<p>El <strong>k\u00e1rate<\/strong> es una de las <strong>artes marciales<\/strong> m\u00e1s practicadas en el mundo, con millones de seguidores y una historia milenaria. Sin embargo, muchos se sorprendieron al ver que, tras su debut en los <strong>Juegos Ol\u00edmpicos de Tokio 2020<\/strong>, desapareci\u00f3 del programa oficial en las siguientes ediciones.<\/p>\n\n\n\n<p>Mucha gente se pregunta <strong>por qu\u00e9 el k\u00e1rate ya no es ol\u00edmpico<\/strong>, por lo que en <strong>Tagoya<\/strong>, <a href=\"https:\/\/www.tagoya.com\/\">especialistas en artes marciales y deportes de combate<\/a>, queremos explicarte todo lo que debes saber sobre esta pol\u00e9mica para comprender la decisi\u00f3n del <strong>Comit\u00e9 Ol\u00edmpico.<\/strong><\/p>\n\n\n\n<div id=\"ez-toc-container\" class=\"ez-toc-v2_0_74 counter-hierarchy ez-toc-counter ez-toc-custom ez-toc-container-direction\">\n<p class=\"ez-toc-title\" style=\"cursor:inherit\">Tabla de contenidos<\/p>\n<label for=\"ez-toc-cssicon-toggle-item-69f2230a9e1eb\" class=\"ez-toc-cssicon-toggle-label\"><span class=\"\"><span class=\"eztoc-hide\" style=\"display:none;\">Toggle<\/span><span class=\"ez-toc-icon-toggle-span\"><svg style=\"fill: #000000;color:#000000\" xmlns=\"http:\/\/www.w3.org\/2000\/svg\" class=\"list-377408\" width=\"20px\" height=\"20px\" viewBox=\"0 0 24 24\" fill=\"none\"><path d=\"M6 6H4v2h2V6zm14 0H8v2h12V6zM4 11h2v2H4v-2zm16 0H8v2h12v-2zM4 16h2v2H4v-2zm16 0H8v2h12v-2z\" fill=\"currentColor\"><\/path><\/svg><svg style=\"fill: #000000;color:#000000\" class=\"arrow-unsorted-368013\" xmlns=\"http:\/\/www.w3.org\/2000\/svg\" width=\"10px\" height=\"10px\" viewBox=\"0 0 24 24\" version=\"1.2\" baseProfile=\"tiny\"><path d=\"M18.2 9.3l-6.2-6.3-6.2 6.3c-.2.2-.3.4-.3.7s.1.5.3.7c.2.2.4.3.7.3h11c.3 0 .5-.1.7-.3.2-.2.3-.5.3-.7s-.1-.5-.3-.7zM5.8 14.7l6.2 6.3 6.2-6.3c.2-.2.3-.5.3-.7s-.1-.5-.3-.7c-.2-.2-.4-.3-.7-.3h-11c-.3 0-.5.1-.7.3-.2.2-.3.5-.3.7s.1.5.3.7z\"\/><\/svg><\/span><\/span><\/label><input type=\"checkbox\"  id=\"ez-toc-cssicon-toggle-item-69f2230a9e1eb\"  aria-label=\"Alternar\" \/><nav><ul class='ez-toc-list ez-toc-list-level-1 ' ><li class='ez-toc-page-1 ez-toc-heading-level-2'><a class=\"ez-toc-link ez-toc-heading-1\" href=\"https:\/\/www.tagoya.com\/blog\/karate-deporte-olimpico\/#su-debut-olimpico-en-tokio-2020\" >Su debut ol\u00edmpico en Tokio 2020<\/a><\/li><li class='ez-toc-page-1 ez-toc-heading-level-2'><a class=\"ez-toc-link ez-toc-heading-2\" href=\"https:\/\/www.tagoya.com\/blog\/karate-deporte-olimpico\/#%c2%bfpor-que-el-coi-decidio-dejar-fuera-al-karate\" >\u00bfPor qu\u00e9 el COI decidi\u00f3 dejar fuera al k\u00e1rate?<\/a><\/li><li class='ez-toc-page-1 ez-toc-heading-level-2'><a class=\"ez-toc-link ez-toc-heading-3\" href=\"https:\/\/www.tagoya.com\/blog\/karate-deporte-olimpico\/#%c2%bfvolvera-el-karate-a-los-juegos-olimpicos\" >\u00bfVolver\u00e1 el k\u00e1rate a los Juegos Ol\u00edmpicos?<\/a><\/li><li class='ez-toc-page-1 ez-toc-heading-level-2'><a class=\"ez-toc-link ez-toc-heading-4\" href=\"https:\/\/www.tagoya.com\/blog\/karate-deporte-olimpico\/#el-legado-de-tokio-2020\" >El legado de Tokio 2020<\/a><\/li><\/ul><\/nav><\/div>\n<h2 class=\"wp-block-heading\"><span class=\"ez-toc-section\" id=\"su-debut-olimpico-en-tokio-2020\"><\/span>Su debut ol\u00edmpico en Tokio 2020<span class=\"ez-toc-section-end\"><\/span><\/h2>\n\n\n\n<p>El k\u00e1rate hizo su primera y \u00fanica aparici\u00f3n como deporte ol\u00edmpico en <strong>Tokio 2020<\/strong>, un escenario ideal teniendo en cuenta que esta arte marcial se origin\u00f3 en <strong>Jap\u00f3n<\/strong>. Con dos modalidades en competici\u00f3n \u2014<strong>kata<\/strong> (formas) y <strong>kumite<\/strong> (combate)\u2014, la disciplina consigui\u00f3 buenas audiencias por parte del p\u00fablico. Sin embargo, su inclusi\u00f3n fue puntual, ya que en realidad esta modalidad hab\u00eda sido a\u00f1adida como <strong>deporte invitado<\/strong> por el comit\u00e9 organizador japon\u00e9s, pero no como parte del <strong>programa ol\u00edmpico permanente<\/strong>.<\/p>\n\n\n\n<h2 class=\"wp-block-heading\"><span class=\"ez-toc-section\" id=\"%c2%bfpor-que-el-coi-decidio-dejar-fuera-al-karate\"><\/span>\u00bfPor qu\u00e9 el COI decidi\u00f3 dejar fuera al k\u00e1rate?<span class=\"ez-toc-section-end\"><\/span><\/h2>\n\n\n\n<p>Muchos apuntan a que, en realidad, esta decisi\u00f3n se debe a motivos puramente <strong>econ\u00f3micos<\/strong>. Resulta evidente que incluir el <strong>k\u00e1rate<\/strong> en el pa\u00eds originario de este deporte era un reclamo publicitario, principalmente de cara a comercializar los derechos televisivos. Y considerando que las siguientes ediciones eran Par\u00eds y Los \u00c1ngeles, esta modalidad no resultaba tan interesante desde ese punto de vista comercial.<\/p>\n\n\n\n<p>No obstante, se han esgrimido otras muchas razones oficiosas sobre por qu\u00e9 el k\u00e1rate ya no es ol\u00edmpico. En teor\u00eda, el COI busca adaptarse a las \u00faltimas tendencias entre los j\u00f3venes, como el <strong>skateboarding<\/strong> o la <strong>escalada<\/strong>.<\/p>\n\n\n\n<p>Adem\u00e1s, el <strong>taekwondo<\/strong> ya est\u00e1 consolidado como deporte ol\u00edmpico desde el a\u00f1o 2000, por lo que se considera que tener ambos puede ser redundante en cuanto a estilo, p\u00fablico y formato.<\/p>\n\n\n\n<h2 class=\"wp-block-heading\"><span class=\"ez-toc-section\" id=\"%c2%bfvolvera-el-karate-a-los-juegos-olimpicos\"><\/span>\u00bfVolver\u00e1 el k\u00e1rate a los Juegos Ol\u00edmpicos?<span class=\"ez-toc-section-end\"><\/span><\/h2>\n\n\n\n<p>La <strong>exclusi\u00f3n del k\u00e1rate<\/strong> del programa ol\u00edmpico no es definitiva. La <strong>Federaci\u00f3n Mundial de K\u00e1rate (WKF)<\/strong> sigue trabajando activamente para lograr su regreso. El k\u00e1rate ha demostrado ser un deporte t\u00e9cnico, espectacular y con una gran base global. Su futuro ol\u00edmpico depender\u00e1 de la presi\u00f3n de las federaciones, el inter\u00e9s del p\u00fablico y la estrategia del COI de cara a futuras ediciones.<\/p>\n\n\n\n<h2 class=\"wp-block-heading\"><span class=\"ez-toc-section\" id=\"el-legado-de-tokio-2020\"><\/span>El legado de Tokio 2020<span class=\"ez-toc-section-end\"><\/span><\/h2>\n\n\n\n<p>Aunque su paso por los Juegos fue breve, <strong>Tokio 2020<\/strong> dej\u00f3 un legado importante para el k\u00e1rate. Se visibiliz\u00f3 a nivel mundial, atrajo a nuevas generaciones y demostr\u00f3 que tiene potencial como deporte ol\u00edmpico. Muchos pa\u00edses reforzaron sus programas de entrenamiento y aumentaron las inversiones en esta disciplina a ra\u00edz de su aparici\u00f3n en los <strong>JJOO<\/strong>.<\/p>\n\n\n\n<p>\u00bfY t\u00fa, eres un apasionado del k\u00e1rate y te gustar\u00eda verlo en las pr\u00f3ximas ediciones de los Juegos Ol\u00edmpicos? En <strong>Tagoya <\/strong>nos encargamos de equipar a karatekas de todos los niveles con nuestro <a href=\"https:\/\/www.tagoya.com\/karate\">equipamiento para k\u00e1rate<\/a>, para que puedan disfrutar de su deporte favorito y sue\u00f1en con subir al tatami en una competici\u00f3n ol\u00edmpica.<\/p>\n","protected":false},"excerpt":{"rendered":"<p>El k\u00e1rate es una de las artes marciales m\u00e1s practicadas en el mundo, con millones de seguidores y una historia [&hellip;]<\/p>\n","protected":false},"author":1,"featured_media":640,"comment_status":"open","ping_status":"closed","sticky":false,"template":"","format":"standard","meta":{"footnotes":""},"categories":[10],"tags":[],"class_list":["post-639","post","type-post","status-publish","format-standard","has-post-thumbnail","hentry","category-karate"],"yoast_head":"<!-- This site is optimized with the Yoast SEO plugin v25.1 - https:\/\/yoast.com\/wordpress\/plugins\/seo\/ -->\n<title>\u00bfPor qu\u00e9 el karate ya no es ol\u00edmpico?<\/title>\n<meta name=\"description\" content=\"\u00bfSeguiste el k\u00e1rate en los JJOO de Tokio y te preguntas por qu\u00e9 ya no se incluye esta modalidad en las nuevas ediciones? Te explicamos el motivo.\" \/>\n<meta name=\"robots\" content=\"index, follow, max-snippet:-1, max-image-preview:large, max-video-preview:-1\" \/>\n<link rel=\"canonical\" href=\"https:\/\/www.tagoya.com\/blog\/karate-deporte-olimpico\/\" \/>\n<meta property=\"og:locale\" content=\"es_ES\" \/>\n<meta property=\"og:type\" content=\"article\" \/>\n<meta property=\"og:title\" content=\"\u00bfPor qu\u00e9 el karate ya no es ol\u00edmpico?\" \/>\n<meta property=\"og:description\" content=\"\u00bfSeguiste el k\u00e1rate en los JJOO de Tokio y te preguntas por qu\u00e9 ya no se incluye esta modalidad en las nuevas ediciones? Te explicamos el motivo.\" \/>\n<meta property=\"og:url\" content=\"https:\/\/www.tagoya.com\/blog\/karate-deporte-olimpico\/\" \/>\n<meta property=\"og:site_name\" content=\"Blog de artes marciales y deportes de contacto\" \/>\n<meta property=\"article:published_time\" content=\"2025-04-08T11:40:52+00:00\" \/>\n<meta property=\"article:modified_time\" content=\"2025-04-08T11:40:53+00:00\" \/>\n<meta property=\"og:image\" content=\"https:\/\/www.tagoya.com\/blog\/wp-content\/uploads\/2025\/04\/karate-olimpico.jpg\" \/>\n\t<meta property=\"og:image:width\" content=\"800\" \/>\n\t<meta property=\"og:image:height\" content=\"600\" \/>\n\t<meta property=\"og:image:type\" content=\"image\/jpeg\" \/>\n<meta name=\"author\" content=\"numericco\" \/>\n<meta name=\"twitter:card\" content=\"summary_large_image\" \/>\n<meta name=\"twitter:label1\" content=\"Escrito por\" \/>\n\t<meta name=\"twitter:data1\" content=\"numericco\" \/>\n\t<meta name=\"twitter:label2\" content=\"Tiempo de lectura\" \/>\n\t<meta name=\"twitter:data2\" content=\"3 minutos\" \/>\n<script type=\"application\/ld+json\" class=\"yoast-schema-graph\">{\"@context\":\"https:\/\/schema.org\",\"@graph\":[{\"@type\":\"WebPage\",\"@id\":\"https:\/\/www.tagoya.com\/blog\/karate-deporte-olimpico\/\",\"url\":\"https:\/\/www.tagoya.com\/blog\/karate-deporte-olimpico\/\",\"name\":\"\u00bfPor qu\u00e9 el karate ya no es ol\u00edmpico?\",\"isPartOf\":{\"@id\":\"https:\/\/www.tagoya.com\/blog\/#website\"},\"primaryImageOfPage\":{\"@id\":\"https:\/\/www.tagoya.com\/blog\/karate-deporte-olimpico\/#primaryimage\"},\"image\":{\"@id\":\"https:\/\/www.tagoya.com\/blog\/karate-deporte-olimpico\/#primaryimage\"},\"thumbnailUrl\":\"https:\/\/www.tagoya.com\/blog\/wp-content\/uploads\/2025\/04\/karate-olimpico.jpg\",\"datePublished\":\"2025-04-08T11:40:52+00:00\",\"dateModified\":\"2025-04-08T11:40:53+00:00\",\"author\":{\"@id\":\"https:\/\/www.tagoya.com\/blog\/#\/schema\/person\/8334e031e71824eca52962361f1339c7\"},\"description\":\"\u00bfSeguiste el k\u00e1rate en los JJOO de Tokio y te preguntas por qu\u00e9 ya no se incluye esta modalidad en las nuevas ediciones? Te explicamos el motivo.\",\"breadcrumb\":{\"@id\":\"https:\/\/www.tagoya.com\/blog\/karate-deporte-olimpico\/#breadcrumb\"},\"inLanguage\":\"es\",\"potentialAction\":[{\"@type\":\"ReadAction\",\"target\":[\"https:\/\/www.tagoya.com\/blog\/karate-deporte-olimpico\/\"]}]},{\"@type\":\"ImageObject\",\"inLanguage\":\"es\",\"@id\":\"https:\/\/www.tagoya.com\/blog\/karate-deporte-olimpico\/#primaryimage\",\"url\":\"https:\/\/www.tagoya.com\/blog\/wp-content\/uploads\/2025\/04\/karate-olimpico.jpg\",\"contentUrl\":\"https:\/\/www.tagoya.com\/blog\/wp-content\/uploads\/2025\/04\/karate-olimpico.jpg\",\"width\":800,\"height\":600,\"caption\":\"karatekas compitiendo\"},{\"@type\":\"BreadcrumbList\",\"@id\":\"https:\/\/www.tagoya.com\/blog\/karate-deporte-olimpico\/#breadcrumb\",\"itemListElement\":[{\"@type\":\"ListItem\",\"position\":1,\"name\":\"Portada\",\"item\":\"https:\/\/www.tagoya.com\/blog\/\"},{\"@type\":\"ListItem\",\"position\":2,\"name\":\"Curiosidades sobre el k\u00e1rate: \u00bfPor qu\u00e9 ya no es ol\u00edmpico?\"}]},{\"@type\":\"WebSite\",\"@id\":\"https:\/\/www.tagoya.com\/blog\/#website\",\"url\":\"https:\/\/www.tagoya.com\/blog\/\",\"name\":\"Blog de artes marciales y deportes de contacto\",\"description\":\"Art\u00edculos, consejos y gu\u00edas sobre artes marciales, deportes de contacto y entrenamiento.\",\"potentialAction\":[{\"@type\":\"SearchAction\",\"target\":{\"@type\":\"EntryPoint\",\"urlTemplate\":\"https:\/\/www.tagoya.com\/blog\/?s={search_term_string}\"},\"query-input\":{\"@type\":\"PropertyValueSpecification\",\"valueRequired\":true,\"valueName\":\"search_term_string\"}}],\"inLanguage\":\"es\"},{\"@type\":\"Person\",\"@id\":\"https:\/\/www.tagoya.com\/blog\/#\/schema\/person\/8334e031e71824eca52962361f1339c7\",\"name\":\"numericco\",\"image\":{\"@type\":\"ImageObject\",\"inLanguage\":\"es\",\"@id\":\"https:\/\/www.tagoya.com\/blog\/#\/schema\/person\/image\/\",\"url\":\"https:\/\/secure.gravatar.com\/avatar\/609d51b042c53fd4267e9728c6715d2b8a9db5fa1e16b5a33a70d6999e9bc225?s=96&d=mm&r=g\",\"contentUrl\":\"https:\/\/secure.gravatar.com\/avatar\/609d51b042c53fd4267e9728c6715d2b8a9db5fa1e16b5a33a70d6999e9bc225?s=96&d=mm&r=g\",\"caption\":\"numericco\"},\"sameAs\":[\"https:\/\/tagoya.com\/blog\"]}]}<\/script>\n<!-- \/ Yoast SEO plugin. -->","yoast_head_json":{"title":"\u00bfPor qu\u00e9 el karate ya no es ol\u00edmpico?","description":"\u00bfSeguiste el k\u00e1rate en los JJOO de Tokio y te preguntas por qu\u00e9 ya no se incluye esta modalidad en las nuevas ediciones? Te explicamos el motivo.","robots":{"index":"index","follow":"follow","max-snippet":"max-snippet:-1","max-image-preview":"max-image-preview:large","max-video-preview":"max-video-preview:-1"},"canonical":"https:\/\/www.tagoya.com\/blog\/karate-deporte-olimpico\/","og_locale":"es_ES","og_type":"article","og_title":"\u00bfPor qu\u00e9 el karate ya no es ol\u00edmpico?","og_description":"\u00bfSeguiste el k\u00e1rate en los JJOO de Tokio y te preguntas por qu\u00e9 ya no se incluye esta modalidad en las nuevas ediciones? Te explicamos el motivo.","og_url":"https:\/\/www.tagoya.com\/blog\/karate-deporte-olimpico\/","og_site_name":"Blog de artes marciales y deportes de contacto","article_published_time":"2025-04-08T11:40:52+00:00","article_modified_time":"2025-04-08T11:40:53+00:00","og_image":[{"width":800,"height":600,"url":"https:\/\/www.tagoya.com\/blog\/wp-content\/uploads\/2025\/04\/karate-olimpico.jpg","type":"image\/jpeg"}],"author":"numericco","twitter_card":"summary_large_image","twitter_misc":{"Escrito por":"numericco","Tiempo de lectura":"3 minutos"},"schema":{"@context":"https:\/\/schema.org","@graph":[{"@type":"WebPage","@id":"https:\/\/www.tagoya.com\/blog\/karate-deporte-olimpico\/","url":"https:\/\/www.tagoya.com\/blog\/karate-deporte-olimpico\/","name":"\u00bfPor qu\u00e9 el karate ya no es ol\u00edmpico?","isPartOf":{"@id":"https:\/\/www.tagoya.com\/blog\/#website"},"primaryImageOfPage":{"@id":"https:\/\/www.tagoya.com\/blog\/karate-deporte-olimpico\/#primaryimage"},"image":{"@id":"https:\/\/www.tagoya.com\/blog\/karate-deporte-olimpico\/#primaryimage"},"thumbnailUrl":"https:\/\/www.tagoya.com\/blog\/wp-content\/uploads\/2025\/04\/karate-olimpico.jpg","datePublished":"2025-04-08T11:40:52+00:00","dateModified":"2025-04-08T11:40:53+00:00","author":{"@id":"https:\/\/www.tagoya.com\/blog\/#\/schema\/person\/8334e031e71824eca52962361f1339c7"},"description":"\u00bfSeguiste el k\u00e1rate en los JJOO de Tokio y te preguntas por qu\u00e9 ya no se incluye esta modalidad en las nuevas ediciones? Te explicamos el motivo.","breadcrumb":{"@id":"https:\/\/www.tagoya.com\/blog\/karate-deporte-olimpico\/#breadcrumb"},"inLanguage":"es","potentialAction":[{"@type":"ReadAction","target":["https:\/\/www.tagoya.com\/blog\/karate-deporte-olimpico\/"]}]},{"@type":"ImageObject","inLanguage":"es","@id":"https:\/\/www.tagoya.com\/blog\/karate-deporte-olimpico\/#primaryimage","url":"https:\/\/www.tagoya.com\/blog\/wp-content\/uploads\/2025\/04\/karate-olimpico.jpg","contentUrl":"https:\/\/www.tagoya.com\/blog\/wp-content\/uploads\/2025\/04\/karate-olimpico.jpg","width":800,"height":600,"caption":"karatekas compitiendo"},{"@type":"BreadcrumbList","@id":"https:\/\/www.tagoya.com\/blog\/karate-deporte-olimpico\/#breadcrumb","itemListElement":[{"@type":"ListItem","position":1,"name":"Portada","item":"https:\/\/www.tagoya.com\/blog\/"},{"@type":"ListItem","position":2,"name":"Curiosidades sobre el k\u00e1rate: \u00bfPor qu\u00e9 ya no es ol\u00edmpico?"}]},{"@type":"WebSite","@id":"https:\/\/www.tagoya.com\/blog\/#website","url":"https:\/\/www.tagoya.com\/blog\/","name":"Blog de artes marciales y deportes de contacto","description":"Art\u00edculos, consejos y gu\u00edas sobre artes marciales, deportes de contacto y entrenamiento.","potentialAction":[{"@type":"SearchAction","target":{"@type":"EntryPoint","urlTemplate":"https:\/\/www.tagoya.com\/blog\/?s={search_term_string}"},"query-input":{"@type":"PropertyValueSpecification","valueRequired":true,"valueName":"search_term_string"}}],"inLanguage":"es"},{"@type":"Person","@id":"https:\/\/www.tagoya.com\/blog\/#\/schema\/person\/8334e031e71824eca52962361f1339c7","name":"numericco","image":{"@type":"ImageObject","inLanguage":"es","@id":"https:\/\/www.tagoya.com\/blog\/#\/schema\/person\/image\/","url":"https:\/\/secure.gravatar.com\/avatar\/609d51b042c53fd4267e9728c6715d2b8a9db5fa1e16b5a33a70d6999e9bc225?s=96&d=mm&r=g","contentUrl":"https:\/\/secure.gravatar.com\/avatar\/609d51b042c53fd4267e9728c6715d2b8a9db5fa1e16b5a33a70d6999e9bc225?s=96&d=mm&r=g","caption":"numericco"},"sameAs":["https:\/\/tagoya.com\/blog"]}]}},"_links":{"self":[{"href":"https:\/\/www.tagoya.com\/blog\/wp-json\/wp\/v2\/posts\/639","targetHints":{"allow":["GET"]}}],"collection":[{"href":"https:\/\/www.tagoya.com\/blog\/wp-json\/wp\/v2\/posts"}],"about":[{"href":"https:\/\/www.tagoya.com\/blog\/wp-json\/wp\/v2\/types\/post"}],"author":[{"embeddable":true,"href":"https:\/\/www.tagoya.com\/blog\/wp-json\/wp\/v2\/users\/1"}],"replies":[{"embeddable":true,"href":"https:\/\/www.tagoya.com\/blog\/wp-json\/wp\/v2\/comments?post=639"}],"version-history":[{"count":1,"href":"https:\/\/www.tagoya.com\/blog\/wp-json\/wp\/v2\/posts\/639\/revisions"}],"predecessor-version":[{"id":641,"href":"https:\/\/www.tagoya.com\/blog\/wp-json\/wp\/v2\/posts\/639\/revisions\/641"}],"wp:featuredmedia":[{"embeddable":true,"href":"https:\/\/www.tagoya.com\/blog\/wp-json\/wp\/v2\/media\/640"}],"wp:attachment":[{"href":"https:\/\/www.tagoya.com\/blog\/wp-json\/wp\/v2\/media?parent=639"}],"wp:term":[{"taxonomy":"category","embeddable":true,"href":"https:\/\/www.tagoya.com\/blog\/wp-json\/wp\/v2\/categories?post=639"},{"taxonomy":"post_tag","embeddable":true,"href":"https:\/\/www.tagoya.com\/blog\/wp-json\/wp\/v2\/tags?post=639"}],"curies":[{"name":"wp","href":"https:\/\/api.w.org\/{rel}","templated":true}]}}